{"id":2897,"date":"2018-08-29T10:47:35","date_gmt":"2018-08-29T08:47:35","guid":{"rendered":"http:\/\/cfecgcirsn.fr\/?p=2897"},"modified":"2018-08-29T10:47:35","modified_gmt":"2018-08-29T08:47:35","slug":"entrevue-avec-le-commissaire-du-gouvernement-de-lirsn","status":"publish","type":"post","link":"https:\/\/cfecgc-irsn.fr\/index.php\/2018\/08\/29\/entrevue-avec-le-commissaire-du-gouvernement-de-lirsn\/","title":{"rendered":"Entrevue avec le commissaire du gouvernement de l\u2019IRSN"},"content":{"rendered":"<figure id=\"attachment_2898\" aria-describedby=\"caption-attachment-2898\" style=\"width: 280px\" class=\"wp-caption alignleft\"><img loading=\"lazy\" decoding=\"async\" class=\"size-full wp-image-2898\" src=\"http:\/\/cfecgcirsn.fr\/wp-content\/uploads\/sequoia-280x186.png\" alt=\"\" width=\"280\" height=\"186\" \/><figcaption id=\"caption-attachment-2898\" class=\"wp-caption-text\">Tour S\u00e9quoia La D\u00e9fense<\/figcaption><\/figure>\n<p>&nbsp;<\/p>\n<p style=\"text-align: justify;\">\n<p style=\"text-align: justify;\"><strong><span style=\"color: #ff0000;\">P<\/span><\/strong>our faire suite \u00e0 notre information du 2 ao\u00fbt dernier, nous vous informons que nous avons obtenu un rendez-vous avec le directeur g\u00e9n\u00e9ral de la pr\u00e9vention des risques, commissaire du gouvernement de l\u2019IRSN, le 25 septembre prochain. Nous lui ferons part de nos pr\u00e9occupations sur l\u2019avenir de l\u2019IRSN.<\/p>\n<p style=\"text-align: justify;\">\n<p style=\"text-align: center;\">________________________________________<\/p>\n","protected":false},"excerpt":{"rendered":"<p>&nbsp; Pour faire suite \u00e0 notre information du 2 ao\u00fbt dernier, nous vous informons que nous avons obtenu un rendez-vous avec le directeur g\u00e9n\u00e9ral de la pr\u00e9vention des risques, commissaire du gouvernement de l\u2019IRSN, le 25 septembre prochain. Nous lui ferons part de nos pr\u00e9occupations sur l\u2019avenir de l\u2019IRSN. ________________________________________<\/p>\n","protected":false},"author":1,"featured_media":0,"comment_status":"closed","ping_status":"closed","sticky":false,"template":"","format":"standard","meta":{"footnotes":""},"categories":[6,3],"tags":[],"class_list":["post-2897","post","type-post","status-publish","format-standard","hentry","category-financement","category-syndicat","entry"],"_links":{"self":[{"href":"https:\/\/cfecgc-irsn.fr\/index.php\/wp-json\/wp\/v2\/posts\/2897","targetHints":{"allow":["GET"]}}],"collection":[{"href":"https:\/\/cfecgc-irsn.fr\/index.php\/wp-json\/wp\/v2\/posts"}],"about":[{"href":"https:\/\/cfecgc-irsn.fr\/index.php\/wp-json\/wp\/v2\/types\/post"}],"author":[{"embeddable":true,"href":"https:\/\/cfecgc-irsn.fr\/index.php\/wp-json\/wp\/v2\/users\/1"}],"replies":[{"embeddable":true,"href":"https:\/\/cfecgc-irsn.fr\/index.php\/wp-json\/wp\/v2\/comments?post=2897"}],"version-history":[{"count":0,"href":"https:\/\/cfecgc-irsn.fr\/index.php\/wp-json\/wp\/v2\/posts\/2897\/revisions"}],"wp:attachment":[{"href":"https:\/\/cfecgc-irsn.fr\/index.php\/wp-json\/wp\/v2\/media?parent=2897"}],"wp:term":[{"taxonomy":"category","embeddable":true,"href":"https:\/\/cfecgc-irsn.fr\/index.php\/wp-json\/wp\/v2\/categories?post=2897"},{"taxonomy":"post_tag","embeddable":true,"href":"https:\/\/cfecgc-irsn.fr\/index.php\/wp-json\/wp\/v2\/tags?post=2897"}],"curies":[{"name":"wp","href":"https:\/\/api.w.org\/{rel}","templated":true}]}}